{"id":1474,"date":"2021-11-14T18:00:37","date_gmt":"2021-11-14T17:00:37","guid":{"rendered":"https:\/\/www.scpet.si\/srednja-tehniska-in-strokovna-sola\/slovenski-dan-brez-zavrzene-hrane-copy-copy-copy-copy-copy-copy-copy-copy-2\/"},"modified":"2021-11-25T09:16:11","modified_gmt":"2021-11-25T08:16:11","slug":"samotestiranje-dijakov-od-15-11-2021-dalje","status":"publish","type":"post","link":"https:\/\/www.scpet.si\/srednja-tehniska-in-strokovna-sola\/samotestiranje-dijakov-od-15-11-2021-dalje\/","title":{"rendered":"Samotestiranje dijakov od 15. 11. 2021 dalje"},"content":{"rendered":"<div class=\"fusion-fullwidth fullwidth-box fusion-builder-row-1 fusion-flex-container nonhundred-percent-fullwidth non-hundred-percent-height-scrolling\" style=\"background-color: rgba(255,255,255,0);background-position: center center;background-repeat: no-repeat;border-width: 0px 0px 0px 0px;border-color:#eae9e9;border-style:solid;\" ><div class=\"fusion-builder-row fusion-row fusion-flex-align-items-flex-start\" style=\"max-width:1331.2px;margin-left: calc(-4% \/ 2 );margin-right: calc(-4% \/ 2 );\"><div class=\"fusion-layout-column fusion_builder_column fusion-builder-column-0 fusion_builder_column_1_1 1_1 fusion-flex-column\"><div class=\"fusion-column-wrapper fusion-flex-justify-content-flex-start fusion-content-layout-column\" style=\"background-position:left top;background-repeat:no-repeat;-webkit-background-size:cover;-moz-background-size:cover;-o-background-size:cover;background-size:cover;padding: 0px 0px 0px 0px;\"><div class=\"fusion-text fusion-text-1\"><p>Spo\u0161tovani star\u0161i, dragi dijaki!<\/p>\n<p>&nbsp;<\/p>\n<p>S ponedeljkom, 15. 11. 2021 vstopi v veljavo nov odlok vlade, po katerem bo za \u0161olanje v \u017eivo potreben pogoj PCT, in sicer na slede\u010d na\u010din:<\/p>\n<p>Dijaki bodo pri\u0161li v \u0161olo in se njihovo 1. \u0161olsko uro po urniku razporedili po u\u010dilnicah. Tisti, izpolnjujejo pogoj P (preboleli do 6 mesecev nazaj) ali C (cepljeni), bodo pokazali nadzornemu u\u010ditelju dokazilo. Vsi ostali se bodo samotestirali. Teste prinesejo dijaki s sabo.<\/p>\n<p>Samotestiranje bo potekalo trikrat tedensko, in sicer v ponedeljek, sredo in petek. Dijaki, ki hodijo na izven\u0161olske dejavnosti, lahko nosijo s sabo eviden\u010dni list, na katerega se jim bo ob samotestiranju podpisal nadzorni u\u010ditelj in jim to dokazilo velja tudi za druge (izven\u0161olske) dejavnosti (npr. v klubu).<\/p>\n<p>Prilagam povezavo na Prikaz samotestiranja (posnetek) <a href=\"https:\/\/www.nijz.si\/sl\/samotestiranje#prikaz-samotestiranja-%28posnetek%29\" target=\"_blank\" rel=\"noopener\">https:\/\/www.nijz.si\/sl\/samotestiranje#prikaz-samotestiranja-%28posnetek%29<\/a> in prikaz samotestiranja (infografika) ter dopolnjen Hi\u0161ni red.<\/p>\n<p>Dijaki, ki se ne bodo \u017eeleli testirati ali ne bodo imeli s sabo testa, bodo od\u0161li domov in v spletno u\u010dilnico dobili navodila za pouk na daljavo.<\/p>\n<p>V kolikor bo na\u010drtovano pisno ocenjevanje znanja za 1. \u0161olsko uro, je mo\u017eno testiranje izvesti tudi pred poukom.<\/p>\n<p>Dijaki, ki bodo pri\u0161li kasneje v \u0161olo (na primer iz treninga), bodo to povedali varnostniku in se testirali v za to predvidenem prostoru v jedilnici \u0161ole.<\/p>\n<p>Rada bi opozorila \u0161e, da je samotestiranje \u0161e zadnji ukrep vlade, preden zaprejo \u0161ole, zato \u017eelim, da se tega zavedamo in stopimo skupaj ter dijakom omogo\u010dimo \u0161olanje v \u017eivo in v zdravem okolju.<\/p>\n<p>Rada bi odgovorila \u0161e na vpra\u0161anje, ali bodo dijaki, ki so preboleli ali cepljeni kljub morebitni karanteni hodili v \u0161olo. Zaenkrat teh mo\u017enosti nimamo, da bi izvajali so\u010dasni pouk na daljavo in v \u017eivo, se bomo pa potrudili, da bodo dijaki imeli kakovostni pouk na daljavo. Mo\u017eno pa je dogovarjanje za individualne razgovore, ustna spra\u0161evanja in pisna ocenjevanja znanja (ob predlo\u017eitvi dokazila PCT).<\/p>\n<p><em>\u00a0<\/em><\/p>\n<p><em>Lepo vas pozdravljam.<\/em><\/p>\n<p><em>\u00a0<\/em><em>Simona Zupan\u010di\u010d, ravnateljica<\/em><\/p>\n<\/div><\/div><style type=\"text\/css\">.fusion-body .fusion-builder-column-0{width:100% !important;margin-top : 0px;margin-bottom : 0px;}.fusion-builder-column-0 > .fusion-column-wrapper {padding-top : 0px !important;padding-right : 0px !important;margin-right : 1.92%;padding-bottom : 0px !important;padding-left : 0px !important;margin-left : 1.92%;}@media only screen and (max-width:1024px) {.fusion-body .fusion-builder-column-0{width:100% !important;order : 0;}.fusion-builder-column-0 > .fusion-column-wrapper {margin-right : 1.92%;margin-left : 1.92%;}}@media only screen and (max-width:640px) {.fusion-body .fusion-builder-column-0{width:100% !important;order : 0;}.fusion-builder-column-0 > .fusion-column-wrapper {margin-right : 1.92%;margin-left : 1.92%;}}<\/style><\/div><\/div><style type=\"text\/css\">.fusion-body .fusion-flex-container.fusion-builder-row-1{ padding-top : 0px;margin-top : 0px;padding-right : 0px;padding-bottom : 0px;margin-bottom : 0px;padding-left : 0px;}<\/style><\/div>\n","protected":false},"excerpt":{"rendered":"","protected":false},"author":30,"featured_media":1480,"comment_status":"closed","ping_status":"closed","sticky":false,"template":"","format":"standard","meta":{"_mi_skip_tracking":false,"_exactmetrics_sitenote_active":false,"_exactmetrics_sitenote_note":"","_exactmetrics_sitenote_category":0},"categories":[1],"tags":[],"yoast_head":"<!-- This site is optimized with the Yoast SEO plugin v20.8 - https:\/\/yoast.com\/wordpress\/plugins\/seo\/ -->\n<title>Samotestiranje dijakov od 15. 11. 2021 dalje - SREDNJA TEHNI\u0160KA IN STROKOVNA \u0160OLA<\/title>\n<meta name=\"robots\" content=\"index, follow, max-snippet:-1, max-image-preview:large, max-video-preview:-1\" \/>\n<link rel=\"canonical\" href=\"https:\/\/www.scpet.si\/srednja-tehniska-in-strokovna-sola\/samotestiranje-dijakov-od-15-11-2021-dalje\/\" \/>\n<meta property=\"og:locale\" content=\"sl_SI\" \/>\n<meta property=\"og:type\" content=\"article\" \/>\n<meta property=\"og:title\" content=\"Samotestiranje dijakov od 15. 11. 2021 dalje - SREDNJA TEHNI\u0160KA IN STROKOVNA \u0160OLA\" \/>\n<meta property=\"og:url\" content=\"https:\/\/www.scpet.si\/srednja-tehniska-in-strokovna-sola\/samotestiranje-dijakov-od-15-11-2021-dalje\/\" \/>\n<meta property=\"og:site_name\" content=\"SREDNJA TEHNI\u0160KA IN STROKOVNA \u0160OLA\" \/>\n<meta property=\"article:published_time\" content=\"2021-11-14T17:00:37+00:00\" \/>\n<meta property=\"article:modified_time\" content=\"2021-11-25T08:16:11+00:00\" \/>\n<meta property=\"og:image\" content=\"https:\/\/www.scpet.si\/srednja-tehniska-in-strokovna-sola\/wp-content\/uploads\/sites\/2\/2021\/11\/OBVESTILO-Samotestiranje-COVER-04-II.jpg\" \/>\n\t<meta property=\"og:image:width\" content=\"400\" \/>\n\t<meta property=\"og:image:height\" content=\"220\" \/>\n\t<meta property=\"og:image:type\" content=\"image\/jpeg\" \/>\n<meta name=\"author\" content=\"mratandrej\" \/>\n<meta name=\"twitter:card\" content=\"summary_large_image\" \/>\n<meta name=\"twitter:label1\" content=\"Written by\" \/>\n\t<meta name=\"twitter:data1\" content=\"mratandrej\" \/>\n\t<meta name=\"twitter:label2\" content=\"Est. reading time\" \/>\n\t<meta name=\"twitter:data2\" content=\"4 minute\" \/>\n<script type=\"application\/ld+json\" class=\"yoast-schema-graph\">{\"@context\":\"https:\/\/schema.org\",\"@graph\":[{\"@type\":\"WebPage\",\"@id\":\"https:\/\/www.scpet.si\/srednja-tehniska-in-strokovna-sola\/samotestiranje-dijakov-od-15-11-2021-dalje\/\",\"url\":\"https:\/\/www.scpet.si\/srednja-tehniska-in-strokovna-sola\/samotestiranje-dijakov-od-15-11-2021-dalje\/\",\"name\":\"Samotestiranje dijakov od 15. 11. 2021 dalje - SREDNJA TEHNI\u0160KA IN STROKOVNA \u0160OLA\",\"isPartOf\":{\"@id\":\"https:\/\/www.scpet.si\/srednja-tehniska-in-strokovna-sola\/#website\"},\"datePublished\":\"2021-11-14T17:00:37+00:00\",\"dateModified\":\"2021-11-25T08:16:11+00:00\",\"author\":{\"@id\":\"https:\/\/www.scpet.si\/srednja-tehniska-in-strokovna-sola\/#\/schema\/person\/34b4b609e4a874d36199b58f78aa79d1\"},\"breadcrumb\":{\"@id\":\"https:\/\/www.scpet.si\/srednja-tehniska-in-strokovna-sola\/samotestiranje-dijakov-od-15-11-2021-dalje\/#breadcrumb\"},\"inLanguage\":\"sl-SI\",\"potentialAction\":[{\"@type\":\"ReadAction\",\"target\":[\"https:\/\/www.scpet.si\/srednja-tehniska-in-strokovna-sola\/samotestiranje-dijakov-od-15-11-2021-dalje\/\"]}]},{\"@type\":\"BreadcrumbList\",\"@id\":\"https:\/\/www.scpet.si\/srednja-tehniska-in-strokovna-sola\/samotestiranje-dijakov-od-15-11-2021-dalje\/#breadcrumb\",\"itemListElement\":[{\"@type\":\"ListItem\",\"position\":1,\"name\":\"Home\",\"item\":\"https:\/\/www.scpet.si\/srednja-tehniska-in-strokovna-sola\/\"},{\"@type\":\"ListItem\",\"position\":2,\"name\":\"Samotestiranje dijakov od 15. 11. 2021 dalje\"}]},{\"@type\":\"WebSite\",\"@id\":\"https:\/\/www.scpet.si\/srednja-tehniska-in-strokovna-sola\/#website\",\"url\":\"https:\/\/www.scpet.si\/srednja-tehniska-in-strokovna-sola\/\",\"name\":\"SREDNJA TEHNI\u0160KA IN STROKOVNA \u0160OLA\",\"description\":\"Just another \u0160C PET Sites site\",\"potentialAction\":[{\"@type\":\"SearchAction\",\"target\":{\"@type\":\"EntryPoint\",\"urlTemplate\":\"https:\/\/www.scpet.si\/srednja-tehniska-in-strokovna-sola\/?s={search_term_string}\"},\"query-input\":\"required name=search_term_string\"}],\"inLanguage\":\"sl-SI\"},{\"@type\":\"Person\",\"@id\":\"https:\/\/www.scpet.si\/srednja-tehniska-in-strokovna-sola\/#\/schema\/person\/34b4b609e4a874d36199b58f78aa79d1\",\"name\":\"mratandrej\"}]}<\/script>\n<!-- \/ Yoast SEO plugin. -->","yoast_head_json":{"title":"Samotestiranje dijakov od 15. 11. 2021 dalje - SREDNJA TEHNI\u0160KA IN STROKOVNA \u0160OLA","robots":{"index":"index","follow":"follow","max-snippet":"max-snippet:-1","max-image-preview":"max-image-preview:large","max-video-preview":"max-video-preview:-1"},"canonical":"https:\/\/www.scpet.si\/srednja-tehniska-in-strokovna-sola\/samotestiranje-dijakov-od-15-11-2021-dalje\/","og_locale":"sl_SI","og_type":"article","og_title":"Samotestiranje dijakov od 15. 11. 2021 dalje - SREDNJA TEHNI\u0160KA IN STROKOVNA \u0160OLA","og_url":"https:\/\/www.scpet.si\/srednja-tehniska-in-strokovna-sola\/samotestiranje-dijakov-od-15-11-2021-dalje\/","og_site_name":"SREDNJA TEHNI\u0160KA IN STROKOVNA \u0160OLA","article_published_time":"2021-11-14T17:00:37+00:00","article_modified_time":"2021-11-25T08:16:11+00:00","og_image":[{"width":400,"height":220,"url":"https:\/\/www.scpet.si\/srednja-tehniska-in-strokovna-sola\/wp-content\/uploads\/sites\/2\/2021\/11\/OBVESTILO-Samotestiranje-COVER-04-II.jpg","type":"image\/jpeg"}],"author":"mratandrej","twitter_card":"summary_large_image","twitter_misc":{"Written by":"mratandrej","Est. reading time":"4 minute"},"schema":{"@context":"https:\/\/schema.org","@graph":[{"@type":"WebPage","@id":"https:\/\/www.scpet.si\/srednja-tehniska-in-strokovna-sola\/samotestiranje-dijakov-od-15-11-2021-dalje\/","url":"https:\/\/www.scpet.si\/srednja-tehniska-in-strokovna-sola\/samotestiranje-dijakov-od-15-11-2021-dalje\/","name":"Samotestiranje dijakov od 15. 11. 2021 dalje - SREDNJA TEHNI\u0160KA IN STROKOVNA \u0160OLA","isPartOf":{"@id":"https:\/\/www.scpet.si\/srednja-tehniska-in-strokovna-sola\/#website"},"datePublished":"2021-11-14T17:00:37+00:00","dateModified":"2021-11-25T08:16:11+00:00","author":{"@id":"https:\/\/www.scpet.si\/srednja-tehniska-in-strokovna-sola\/#\/schema\/person\/34b4b609e4a874d36199b58f78aa79d1"},"breadcrumb":{"@id":"https:\/\/www.scpet.si\/srednja-tehniska-in-strokovna-sola\/samotestiranje-dijakov-od-15-11-2021-dalje\/#breadcrumb"},"inLanguage":"sl-SI","potentialAction":[{"@type":"ReadAction","target":["https:\/\/www.scpet.si\/srednja-tehniska-in-strokovna-sola\/samotestiranje-dijakov-od-15-11-2021-dalje\/"]}]},{"@type":"BreadcrumbList","@id":"https:\/\/www.scpet.si\/srednja-tehniska-in-strokovna-sola\/samotestiranje-dijakov-od-15-11-2021-dalje\/#breadcrumb","itemListElement":[{"@type":"ListItem","position":1,"name":"Home","item":"https:\/\/www.scpet.si\/srednja-tehniska-in-strokovna-sola\/"},{"@type":"ListItem","position":2,"name":"Samotestiranje dijakov od 15. 11. 2021 dalje"}]},{"@type":"WebSite","@id":"https:\/\/www.scpet.si\/srednja-tehniska-in-strokovna-sola\/#website","url":"https:\/\/www.scpet.si\/srednja-tehniska-in-strokovna-sola\/","name":"SREDNJA TEHNI\u0160KA IN STROKOVNA \u0160OLA","description":"Just another \u0160C PET Sites site","potentialAction":[{"@type":"SearchAction","target":{"@type":"EntryPoint","urlTemplate":"https:\/\/www.scpet.si\/srednja-tehniska-in-strokovna-sola\/?s={search_term_string}"},"query-input":"required name=search_term_string"}],"inLanguage":"sl-SI"},{"@type":"Person","@id":"https:\/\/www.scpet.si\/srednja-tehniska-in-strokovna-sola\/#\/schema\/person\/34b4b609e4a874d36199b58f78aa79d1","name":"mratandrej"}]}},"_links":{"self":[{"href":"https:\/\/www.scpet.si\/srednja-tehniska-in-strokovna-sola\/wp-json\/wp\/v2\/posts\/1474"}],"collection":[{"href":"https:\/\/www.scpet.si\/srednja-tehniska-in-strokovna-sola\/wp-json\/wp\/v2\/posts"}],"about":[{"href":"https:\/\/www.scpet.si\/srednja-tehniska-in-strokovna-sola\/wp-json\/wp\/v2\/types\/post"}],"author":[{"embeddable":true,"href":"https:\/\/www.scpet.si\/srednja-tehniska-in-strokovna-sola\/wp-json\/wp\/v2\/users\/30"}],"replies":[{"embeddable":true,"href":"https:\/\/www.scpet.si\/srednja-tehniska-in-strokovna-sola\/wp-json\/wp\/v2\/comments?post=1474"}],"version-history":[{"count":0,"href":"https:\/\/www.scpet.si\/srednja-tehniska-in-strokovna-sola\/wp-json\/wp\/v2\/posts\/1474\/revisions"}],"wp:featuredmedia":[{"embeddable":true,"href":"https:\/\/www.scpet.si\/srednja-tehniska-in-strokovna-sola\/wp-json\/wp\/v2\/media\/1480"}],"wp:attachment":[{"href":"https:\/\/www.scpet.si\/srednja-tehniska-in-strokovna-sola\/wp-json\/wp\/v2\/media?parent=1474"}],"wp:term":[{"taxonomy":"category","embeddable":true,"href":"https:\/\/www.scpet.si\/srednja-tehniska-in-strokovna-sola\/wp-json\/wp\/v2\/categories?post=1474"},{"taxonomy":"post_tag","embeddable":true,"href":"https:\/\/www.scpet.si\/srednja-tehniska-in-strokovna-sola\/wp-json\/wp\/v2\/tags?post=1474"}],"curies":[{"name":"wp","href":"https:\/\/api.w.org\/{rel}","templated":true}]}}